{"id":10555,"date":"2022-09-22T12:41:21","date_gmt":"2022-09-22T12:41:21","guid":{"rendered":"http:\/\/teatinos.org\/pro-vivis-et-pro-defunctis\/"},"modified":"2022-09-22T12:50:32","modified_gmt":"2022-09-22T12:50:32","slug":"pro-vivis-et-pro-defunctis","status":"publish","type":"post","link":"https:\/\/teatinos.org\/fr\/pro-vivis-et-pro-defunctis\/","title":{"rendered":"PRO VIVIS ET PRO DEFUNCTIS"},"content":{"rendered":"<p>Chers fr\u00e8res et amis de la Famille Th\u00e9atine, hier, en la f\u00eate de Saint Matthieu Ap\u00f4tre, nous avons re\u00e7u deux nouvelles dans ce service du Secr\u00e9tariat g\u00e9n\u00e9ral qui nous invitent \u00e0 prier en famille.<br \/>\nNous vous les transf\u00e9rons en geste de charit\u00e9, car nous ne prions pas par obligation ou par engagement, mais par fraternit\u00e9, et parce que le Seigneur J\u00e9sus nous l&rsquo;a demand\u00e9.<\/p>\n<p>Unis dans la pri\u00e8re.<\/p>\n<hr \/>\n<p><strong>PRO DEFUNCTIS<\/strong><\/p>\n<p>Hier, 21 septembre 2022, en la f\u00eate de Saint Matthieu Ap\u00f4tre, <strong>M. Alberto Salvador<\/strong>, p\u00e8re de notre cher fr\u00e8re le P\u00e8re Mariano S. Salvador, CR, est rentr\u00e9 \u00e0 la Maison du P\u00e8re \u00c9ternel depuis sa patrie d&rsquo;Argentine.<br \/>\nEn plus d&rsquo;\u00eatre un p\u00e8re exemplaire, M. Alberto a servi l&rsquo;\u00c9glise en tant que ministre de l&rsquo;Eucharistie pendant de nombreuses ann\u00e9es et a toujours \u00e9t\u00e9 proche des communaut\u00e9s th\u00e9atines dans tout ce qu&rsquo;elles pouvaient exiger de lui.<br \/>\nQue le P\u00e8re \u00c9ternel vous accueille dans son Royaume d&rsquo;Amour et r\u00e9pande la consolation des adieux \u00e0 toute votre famille et vos amis.<br \/>\nAmen.<\/p>\n<hr \/>\n<p><strong>PRO VIVIS<\/strong><\/p>\n<p>Le P. Miguel Bonet, CR, Sup\u00e9rieur local de la Casa San Gaiet\u00e0 de Barcelone, ??en Espagne, a inform\u00e9 ce Secr\u00e9tariat que l&rsquo;intervention chirurgicale \u00e0 laquelle le <strong>P. Fructuoso Ochoa V\u00e9laz, CR,<\/strong> a \u00e9t\u00e9 soumis, a \u00e9t\u00e9 un succ\u00e8s. On esp\u00e8re qu&rsquo;il pourra bient\u00f4t rentrer chez lui et reprendre sa vie normalement.<br \/>\nNous nous joignons \u00e9galement \u00e0 la pri\u00e8re pour le r\u00e9tablissement de notre fr\u00e8re, proche d&rsquo;atteindre la louable d\u00e9cennie des ann\u00e9es 90.<br \/>\nQue le Seigneur continue d&rsquo;\u00eatre votre force et votre inspiration pour pers\u00e9v\u00e9rer dans la fid\u00e9lit\u00e9 au charisme th\u00e9atin. Amen<\/p>\n","protected":false},"excerpt":{"rendered":"<p>Chers fr\u00e8res et amis de la Famille Th\u00e9atine, hier, en la f\u00eate de Saint Matthieu Ap\u00f4tre, nous avons re\u00e7u deux nouvelles dans ce service du Secr\u00e9tariat g\u00e9n\u00e9ral qui nous invitent \u00e0 prier en famille. Nous vous les transf\u00e9rons en geste de charit\u00e9, car nous ne prions pas par obligation ou\u2026<\/p>\n","protected":false},"author":5,"featured_media":9912,"comment_status":"closed","ping_status":"open","sticky":false,"template":"","format":"standard","meta":{"_acf_changed":false,"footnotes":"","_links_to":"","_links_to_target":""},"categories":[96],"tags":[],"class_list":["post-10555","post","type-post","status-publish","format-standard","has-post-thumbnail","hentry","category-actualite"],"acf":[],"yoast_head":"<!-- This site is optimized with the Yoast SEO plugin v23.5 - https:\/\/yoast.com\/wordpress\/plugins\/seo\/ -->\n<title>PRO VIVIS ET PRO DEFUNCTIS - Teatinos<\/title>\n<meta name=\"robots\" content=\"index, follow, max-snippet:-1, max-image-preview:large, max-video-preview:-1\" \/>\n<link rel=\"canonical\" href=\"https:\/\/teatinos.org\/fr\/pro-vivis-et-pro-defunctis\/\" \/>\n<meta property=\"og:locale\" content=\"fr_FR\" \/>\n<meta property=\"og:type\" content=\"article\" \/>\n<meta property=\"og:title\" content=\"PRO VIVIS ET PRO DEFUNCTIS - Teatinos\" \/>\n<meta property=\"og:description\" content=\"Chers fr\u00e8res et amis de la Famille Th\u00e9atine, hier, en la f\u00eate de Saint Matthieu Ap\u00f4tre, nous avons re\u00e7u deux nouvelles dans ce service du Secr\u00e9tariat g\u00e9n\u00e9ral qui nous invitent \u00e0 prier en famille. Nous vous les transf\u00e9rons en geste de charit\u00e9, car nous ne prions pas par obligation ou\u2026\" \/>\n<meta property=\"og:url\" content=\"https:\/\/teatinos.org\/fr\/pro-vivis-et-pro-defunctis\/\" \/>\n<meta property=\"og:site_name\" content=\"Teatinos\" \/>\n<meta property=\"article:published_time\" content=\"2022-09-22T12:41:21+00:00\" \/>\n<meta property=\"article:modified_time\" content=\"2022-09-22T12:50:32+00:00\" \/>\n<meta property=\"og:image\" content=\"https:\/\/teatinos.org\/wp-content\/uploads\/2022\/07\/PLACA-NOTICIAS-CURIA-FRA.png\" \/>\n\t<meta property=\"og:image:width\" content=\"1080\" \/>\n\t<meta property=\"og:image:height\" content=\"1080\" \/>\n\t<meta property=\"og:image:type\" content=\"image\/png\" \/>\n<meta name=\"author\" content=\"Community Manager\" \/>\n<meta name=\"twitter:card\" content=\"summary_large_image\" \/>\n<meta name=\"twitter:label1\" content=\"\u00c9crit par\" \/>\n\t<meta name=\"twitter:data1\" content=\"Community Manager\" \/>\n\t<meta name=\"twitter:label2\" content=\"Dur\u00e9e de lecture estim\u00e9e\" \/>\n\t<meta name=\"twitter:data2\" content=\"2 minutes\" \/>\n<script type=\"application\/ld+json\" class=\"yoast-schema-graph\">{\"@context\":\"https:\/\/schema.org\",\"@graph\":[{\"@type\":\"WebPage\",\"@id\":\"https:\/\/teatinos.org\/fr\/pro-vivis-et-pro-defunctis\/\",\"url\":\"https:\/\/teatinos.org\/fr\/pro-vivis-et-pro-defunctis\/\",\"name\":\"PRO VIVIS ET PRO DEFUNCTIS - Teatinos\",\"isPartOf\":{\"@id\":\"https:\/\/teatinos.org\/pt-br\/#website\"},\"primaryImageOfPage\":{\"@id\":\"https:\/\/teatinos.org\/fr\/pro-vivis-et-pro-defunctis\/#primaryimage\"},\"image\":{\"@id\":\"https:\/\/teatinos.org\/fr\/pro-vivis-et-pro-defunctis\/#primaryimage\"},\"thumbnailUrl\":\"https:\/\/teatinos.org\/wp-content\/uploads\/2022\/07\/PLACA-NOTICIAS-CURIA-FRA.png\",\"datePublished\":\"2022-09-22T12:41:21+00:00\",\"dateModified\":\"2022-09-22T12:50:32+00:00\",\"author\":{\"@id\":\"https:\/\/teatinos.org\/pt-br\/#\/schema\/person\/10193cb8ac6f163661033cf7ce9006a5\"},\"breadcrumb\":{\"@id\":\"https:\/\/teatinos.org\/fr\/pro-vivis-et-pro-defunctis\/#breadcrumb\"},\"inLanguage\":\"fr-FR\",\"potentialAction\":[{\"@type\":\"ReadAction\",\"target\":[\"https:\/\/teatinos.org\/fr\/pro-vivis-et-pro-defunctis\/\"]}]},{\"@type\":\"ImageObject\",\"inLanguage\":\"fr-FR\",\"@id\":\"https:\/\/teatinos.org\/fr\/pro-vivis-et-pro-defunctis\/#primaryimage\",\"url\":\"https:\/\/teatinos.org\/wp-content\/uploads\/2022\/07\/PLACA-NOTICIAS-CURIA-FRA.png\",\"contentUrl\":\"https:\/\/teatinos.org\/wp-content\/uploads\/2022\/07\/PLACA-NOTICIAS-CURIA-FRA.png\",\"width\":1080,\"height\":1080},{\"@type\":\"BreadcrumbList\",\"@id\":\"https:\/\/teatinos.org\/fr\/pro-vivis-et-pro-defunctis\/#breadcrumb\",\"itemListElement\":[{\"@type\":\"ListItem\",\"position\":1,\"name\":\"Portada\",\"item\":\"https:\/\/teatinos.org\/fr\/\"},{\"@type\":\"ListItem\",\"position\":2,\"name\":\"PRO VIVIS ET PRO DEFUNCTIS\"}]},{\"@type\":\"WebSite\",\"@id\":\"https:\/\/teatinos.org\/pt-br\/#website\",\"url\":\"https:\/\/teatinos.org\/pt-br\/\",\"name\":\"Teatinos\",\"description\":\"Orden de Cl\u00e9rigos Regulares\",\"potentialAction\":[{\"@type\":\"SearchAction\",\"target\":{\"@type\":\"EntryPoint\",\"urlTemplate\":\"https:\/\/teatinos.org\/pt-br\/?s={search_term_string}\"},\"query-input\":{\"@type\":\"PropertyValueSpecification\",\"valueRequired\":true,\"valueName\":\"search_term_string\"}}],\"inLanguage\":\"fr-FR\"},{\"@type\":\"Person\",\"@id\":\"https:\/\/teatinos.org\/pt-br\/#\/schema\/person\/10193cb8ac6f163661033cf7ce9006a5\",\"name\":\"Community Manager\",\"url\":\"https:\/\/teatinos.org\/fr\/author\/pascual\/\"}]}<\/script>\n<!-- \/ Yoast SEO plugin. -->","yoast_head_json":{"title":"PRO VIVIS ET PRO DEFUNCTIS - Teatinos","robots":{"index":"index","follow":"follow","max-snippet":"max-snippet:-1","max-image-preview":"max-image-preview:large","max-video-preview":"max-video-preview:-1"},"canonical":"https:\/\/teatinos.org\/fr\/pro-vivis-et-pro-defunctis\/","og_locale":"fr_FR","og_type":"article","og_title":"PRO VIVIS ET PRO DEFUNCTIS - Teatinos","og_description":"Chers fr\u00e8res et amis de la Famille Th\u00e9atine, hier, en la f\u00eate de Saint Matthieu Ap\u00f4tre, nous avons re\u00e7u deux nouvelles dans ce service du Secr\u00e9tariat g\u00e9n\u00e9ral qui nous invitent \u00e0 prier en famille. Nous vous les transf\u00e9rons en geste de charit\u00e9, car nous ne prions pas par obligation ou\u2026","og_url":"https:\/\/teatinos.org\/fr\/pro-vivis-et-pro-defunctis\/","og_site_name":"Teatinos","article_published_time":"2022-09-22T12:41:21+00:00","article_modified_time":"2022-09-22T12:50:32+00:00","og_image":[{"width":1080,"height":1080,"url":"https:\/\/teatinos.org\/wp-content\/uploads\/2022\/07\/PLACA-NOTICIAS-CURIA-FRA.png","type":"image\/png"}],"author":"Community Manager","twitter_card":"summary_large_image","twitter_misc":{"\u00c9crit par":"Community Manager","Dur\u00e9e de lecture estim\u00e9e":"2 minutes"},"schema":{"@context":"https:\/\/schema.org","@graph":[{"@type":"WebPage","@id":"https:\/\/teatinos.org\/fr\/pro-vivis-et-pro-defunctis\/","url":"https:\/\/teatinos.org\/fr\/pro-vivis-et-pro-defunctis\/","name":"PRO VIVIS ET PRO DEFUNCTIS - Teatinos","isPartOf":{"@id":"https:\/\/teatinos.org\/pt-br\/#website"},"primaryImageOfPage":{"@id":"https:\/\/teatinos.org\/fr\/pro-vivis-et-pro-defunctis\/#primaryimage"},"image":{"@id":"https:\/\/teatinos.org\/fr\/pro-vivis-et-pro-defunctis\/#primaryimage"},"thumbnailUrl":"https:\/\/teatinos.org\/wp-content\/uploads\/2022\/07\/PLACA-NOTICIAS-CURIA-FRA.png","datePublished":"2022-09-22T12:41:21+00:00","dateModified":"2022-09-22T12:50:32+00:00","author":{"@id":"https:\/\/teatinos.org\/pt-br\/#\/schema\/person\/10193cb8ac6f163661033cf7ce9006a5"},"breadcrumb":{"@id":"https:\/\/teatinos.org\/fr\/pro-vivis-et-pro-defunctis\/#breadcrumb"},"inLanguage":"fr-FR","potentialAction":[{"@type":"ReadAction","target":["https:\/\/teatinos.org\/fr\/pro-vivis-et-pro-defunctis\/"]}]},{"@type":"ImageObject","inLanguage":"fr-FR","@id":"https:\/\/teatinos.org\/fr\/pro-vivis-et-pro-defunctis\/#primaryimage","url":"https:\/\/teatinos.org\/wp-content\/uploads\/2022\/07\/PLACA-NOTICIAS-CURIA-FRA.png","contentUrl":"https:\/\/teatinos.org\/wp-content\/uploads\/2022\/07\/PLACA-NOTICIAS-CURIA-FRA.png","width":1080,"height":1080},{"@type":"BreadcrumbList","@id":"https:\/\/teatinos.org\/fr\/pro-vivis-et-pro-defunctis\/#breadcrumb","itemListElement":[{"@type":"ListItem","position":1,"name":"Portada","item":"https:\/\/teatinos.org\/fr\/"},{"@type":"ListItem","position":2,"name":"PRO VIVIS ET PRO DEFUNCTIS"}]},{"@type":"WebSite","@id":"https:\/\/teatinos.org\/pt-br\/#website","url":"https:\/\/teatinos.org\/pt-br\/","name":"Teatinos","description":"Orden de Cl\u00e9rigos Regulares","potentialAction":[{"@type":"SearchAction","target":{"@type":"EntryPoint","urlTemplate":"https:\/\/teatinos.org\/pt-br\/?s={search_term_string}"},"query-input":{"@type":"PropertyValueSpecification","valueRequired":true,"valueName":"search_term_string"}}],"inLanguage":"fr-FR"},{"@type":"Person","@id":"https:\/\/teatinos.org\/pt-br\/#\/schema\/person\/10193cb8ac6f163661033cf7ce9006a5","name":"Community Manager","url":"https:\/\/teatinos.org\/fr\/author\/pascual\/"}]}},"rttpg_featured_image_url":{"full":["https:\/\/teatinos.org\/wp-content\/uploads\/2022\/07\/PLACA-NOTICIAS-CURIA-FRA.png",1080,1080,false],"landscape":["https:\/\/teatinos.org\/wp-content\/uploads\/2022\/07\/PLACA-NOTICIAS-CURIA-FRA.png",1080,1080,false],"portraits":["https:\/\/teatinos.org\/wp-content\/uploads\/2022\/07\/PLACA-NOTICIAS-CURIA-FRA.png",1080,1080,false],"thumbnail":["https:\/\/teatinos.org\/wp-content\/uploads\/2022\/07\/PLACA-NOTICIAS-CURIA-FRA-150x150.png",150,150,true],"medium":["https:\/\/teatinos.org\/wp-content\/uploads\/2022\/07\/PLACA-NOTICIAS-CURIA-FRA-300x300.png",300,300,true],"large":["https:\/\/teatinos.org\/wp-content\/uploads\/2022\/07\/PLACA-NOTICIAS-CURIA-FRA-1024x1024.png",1000,1000,true],"1536x1536":["https:\/\/teatinos.org\/wp-content\/uploads\/2022\/07\/PLACA-NOTICIAS-CURIA-FRA.png",1080,1080,false],"2048x2048":["https:\/\/teatinos.org\/wp-content\/uploads\/2022\/07\/PLACA-NOTICIAS-CURIA-FRA.png",1080,1080,false]},"rttpg_author":{"display_name":"Community Manager","author_link":"https:\/\/teatinos.org\/fr\/author\/pascual\/"},"rttpg_comment":0,"rttpg_category":"<a href=\"https:\/\/teatinos.org\/fr\/category\/actualite\/\" rel=\"category tag\">Actualit\u00e9<\/a>","rttpg_excerpt":"Chers fr\u00e8res et amis de la Famille Th\u00e9atine, hier, en la f\u00eate de Saint Matthieu Ap\u00f4tre, nous avons re\u00e7u deux nouvelles dans ce service du Secr\u00e9tariat g\u00e9n\u00e9ral qui nous invitent \u00e0 prier en famille. Nous vous les transf\u00e9rons en geste de charit\u00e9, car nous ne prions pas par obligation ou\u2026","_links":{"self":[{"href":"https:\/\/teatinos.org\/fr\/wp-json\/wp\/v2\/posts\/10555","targetHints":{"allow":["GET"]}}],"collection":[{"href":"https:\/\/teatinos.org\/fr\/wp-json\/wp\/v2\/posts"}],"about":[{"href":"https:\/\/teatinos.org\/fr\/wp-json\/wp\/v2\/types\/post"}],"author":[{"embeddable":true,"href":"https:\/\/teatinos.org\/fr\/wp-json\/wp\/v2\/users\/5"}],"replies":[{"embeddable":true,"href":"https:\/\/teatinos.org\/fr\/wp-json\/wp\/v2\/comments?post=10555"}],"version-history":[{"count":2,"href":"https:\/\/teatinos.org\/fr\/wp-json\/wp\/v2\/posts\/10555\/revisions"}],"predecessor-version":[{"id":10565,"href":"https:\/\/teatinos.org\/fr\/wp-json\/wp\/v2\/posts\/10555\/revisions\/10565"}],"wp:featuredmedia":[{"embeddable":true,"href":"https:\/\/teatinos.org\/fr\/wp-json\/wp\/v2\/media\/9912"}],"wp:attachment":[{"href":"https:\/\/teatinos.org\/fr\/wp-json\/wp\/v2\/media?parent=10555"}],"wp:term":[{"taxonomy":"category","embeddable":true,"href":"https:\/\/teatinos.org\/fr\/wp-json\/wp\/v2\/categories?post=10555"},{"taxonomy":"post_tag","embeddable":true,"href":"https:\/\/teatinos.org\/fr\/wp-json\/wp\/v2\/tags?post=10555"}],"curies":[{"name":"wp","href":"https:\/\/api.w.org\/{rel}","templated":true}]}}