{"id":9416,"date":"2022-04-19T23:55:22","date_gmt":"2022-04-19T23:55:22","guid":{"rendered":"http:\/\/teatinos.org\/comienza-el-capitulo-provincial-de-espana-provincia-de-san-alfonso-y-la-inmaculada\/"},"modified":"2022-04-20T00:00:54","modified_gmt":"2022-04-20T00:00:54","slug":"comienza-el-capitulo-provincial-de-espana-provincia-de-san-alfonso-y-la-inmaculada","status":"publish","type":"post","link":"https:\/\/teatinos.org\/en\/comienza-el-capitulo-provincial-de-espana-provincia-de-san-alfonso-y-la-inmaculada\/","title":{"rendered":"Provincial Chapter begins from Spain Province of San Alfonso and the Immaculate"},"content":{"rendered":"<p>Dear brothers,<\/p>\n<p>In this time of Easter, a time of joy and waiting for the Spirit, we ask you for a trusting prayer in Divine Providence and through the intercession of Our saints and blessed, for the Provincial Chapter of our brothers in Spain: Saint Cajetan, Saint Andrew Avelino Saint Joseph Mary Tomasi, Blessed Pa\u00fal Burali, Venerable Vincent Mar\u00eda Moreli, pray for us. Amen.<\/p>\n<p><a href=\"http:\/\/teatinos.org\/wp-content\/uploads\/2022\/04\/Capitulo-Espana-2022-scaled.jpg\"><img loading=\"lazy\" decoding=\"async\" class=\"alignnone size-full wp-image-9410\" src=\"http:\/\/teatinos.org\/wp-content\/uploads\/2022\/04\/Capitulo-Espana-2022-scaled.jpg\" alt=\"\" width=\"2560\" height=\"1920\" \/><\/a><\/p>\n<p>Yesterday, April 18, 2022, the Provincial Chapter of our Theatine brothers of the Province of San Alfonso and the Immaculate of Spain-Colombia began.<br \/>\nThe Eucharist of the Holy Spirit, presided over by our Superior General, Rvdmo. P. Salvador Rodea Gonz\u00e1lez, C.R., has been concelebrated by the chapter fathers in the Shrine of Our Lady of Casta\u00f1ar, B\u00e9jar-Salamanca.<br \/>\nTo her, Mother of the Church, Virgin of Purity, we entrust the Chapter work of our brothers.<\/p>\n","protected":false},"excerpt":{"rendered":"<p>Dear brothers, In this time of Easter, a time of joy and waiting for the Spirit, we ask you for a trusting prayer in Divine Providence and through the intercession of Our saints and blessed, for the Provincial Chapter of our brothers in Spain: Saint Cajetan, Saint Andrew Avelino Saint&hellip;<\/p>\n","protected":false},"author":5,"featured_media":8979,"comment_status":"closed","ping_status":"open","sticky":false,"template":"","format":"standard","meta":{"_acf_changed":false,"footnotes":"","_links_to":"","_links_to_target":""},"categories":[95],"tags":[],"class_list":["post-9416","post","type-post","status-publish","format-standard","has-post-thumbnail","hentry","category-news"],"acf":[],"yoast_head":"<!-- This site is optimized with the Yoast SEO plugin v23.5 - https:\/\/yoast.com\/wordpress\/plugins\/seo\/ -->\n<title>Provincial Chapter begins from Spain Province of San Alfonso and the Immaculate - Teatinos<\/title>\n<meta name=\"robots\" content=\"index, follow, max-snippet:-1, max-image-preview:large, max-video-preview:-1\" \/>\n<link rel=\"canonical\" href=\"https:\/\/teatinos.org\/en\/comienza-el-capitulo-provincial-de-espana-provincia-de-san-alfonso-y-la-inmaculada\/\" \/>\n<meta property=\"og:locale\" content=\"en_US\" \/>\n<meta property=\"og:type\" content=\"article\" \/>\n<meta property=\"og:title\" content=\"Provincial Chapter begins from Spain Province of San Alfonso and the Immaculate - Teatinos\" \/>\n<meta property=\"og:description\" content=\"Dear brothers, In this time of Easter, a time of joy and waiting for the Spirit, we ask you for a trusting prayer in Divine Providence and through the intercession of Our saints and blessed, for the Provincial Chapter of our brothers in Spain: Saint Cajetan, Saint Andrew Avelino Saint&hellip;\" \/>\n<meta property=\"og:url\" content=\"https:\/\/teatinos.org\/en\/comienza-el-capitulo-provincial-de-espana-provincia-de-san-alfonso-y-la-inmaculada\/\" \/>\n<meta property=\"og:site_name\" content=\"Teatinos\" \/>\n<meta property=\"article:published_time\" content=\"2022-04-19T23:55:22+00:00\" \/>\n<meta property=\"article:modified_time\" content=\"2022-04-20T00:00:54+00:00\" \/>\n<meta property=\"og:image\" content=\"https:\/\/teatinos.org\/wp-content\/uploads\/2022\/02\/PLACA-NOTICIAS-ESPANA.png\" \/>\n\t<meta property=\"og:image:width\" content=\"1080\" \/>\n\t<meta property=\"og:image:height\" content=\"1080\" \/>\n\t<meta property=\"og:image:type\" content=\"image\/png\" \/>\n<meta name=\"author\" content=\"Community Manager\" \/>\n<meta name=\"twitter:card\" content=\"summary_large_image\" \/>\n<meta name=\"twitter:label1\" content=\"Written by\" \/>\n\t<meta name=\"twitter:data1\" content=\"Community Manager\" \/>\n\t<meta name=\"twitter:label2\" content=\"Est. reading time\" \/>\n\t<meta name=\"twitter:data2\" content=\"1 minute\" \/>\n<script type=\"application\/ld+json\" class=\"yoast-schema-graph\">{\"@context\":\"https:\/\/schema.org\",\"@graph\":[{\"@type\":\"WebPage\",\"@id\":\"https:\/\/teatinos.org\/en\/comienza-el-capitulo-provincial-de-espana-provincia-de-san-alfonso-y-la-inmaculada\/\",\"url\":\"https:\/\/teatinos.org\/en\/comienza-el-capitulo-provincial-de-espana-provincia-de-san-alfonso-y-la-inmaculada\/\",\"name\":\"Provincial Chapter begins from Spain Province of San Alfonso and the Immaculate - Teatinos\",\"isPartOf\":{\"@id\":\"https:\/\/teatinos.org\/pt-br\/#website\"},\"primaryImageOfPage\":{\"@id\":\"https:\/\/teatinos.org\/en\/comienza-el-capitulo-provincial-de-espana-provincia-de-san-alfonso-y-la-inmaculada\/#primaryimage\"},\"image\":{\"@id\":\"https:\/\/teatinos.org\/en\/comienza-el-capitulo-provincial-de-espana-provincia-de-san-alfonso-y-la-inmaculada\/#primaryimage\"},\"thumbnailUrl\":\"https:\/\/teatinos.org\/wp-content\/uploads\/2022\/02\/PLACA-NOTICIAS-ESPANA.png\",\"datePublished\":\"2022-04-19T23:55:22+00:00\",\"dateModified\":\"2022-04-20T00:00:54+00:00\",\"author\":{\"@id\":\"https:\/\/teatinos.org\/pt-br\/#\/schema\/person\/10193cb8ac6f163661033cf7ce9006a5\"},\"breadcrumb\":{\"@id\":\"https:\/\/teatinos.org\/en\/comienza-el-capitulo-provincial-de-espana-provincia-de-san-alfonso-y-la-inmaculada\/#breadcrumb\"},\"inLanguage\":\"en-US\",\"potentialAction\":[{\"@type\":\"ReadAction\",\"target\":[\"https:\/\/teatinos.org\/en\/comienza-el-capitulo-provincial-de-espana-provincia-de-san-alfonso-y-la-inmaculada\/\"]}]},{\"@type\":\"ImageObject\",\"inLanguage\":\"en-US\",\"@id\":\"https:\/\/teatinos.org\/en\/comienza-el-capitulo-provincial-de-espana-provincia-de-san-alfonso-y-la-inmaculada\/#primaryimage\",\"url\":\"https:\/\/teatinos.org\/wp-content\/uploads\/2022\/02\/PLACA-NOTICIAS-ESPANA.png\",\"contentUrl\":\"https:\/\/teatinos.org\/wp-content\/uploads\/2022\/02\/PLACA-NOTICIAS-ESPANA.png\",\"width\":1080,\"height\":1080},{\"@type\":\"BreadcrumbList\",\"@id\":\"https:\/\/teatinos.org\/en\/comienza-el-capitulo-provincial-de-espana-provincia-de-san-alfonso-y-la-inmaculada\/#breadcrumb\",\"itemListElement\":[{\"@type\":\"ListItem\",\"position\":1,\"name\":\"Portada\",\"item\":\"https:\/\/teatinos.org\/en\/\"},{\"@type\":\"ListItem\",\"position\":2,\"name\":\"Provincial Chapter begins from Spain Province of San Alfonso and the Immaculate\"}]},{\"@type\":\"WebSite\",\"@id\":\"https:\/\/teatinos.org\/pt-br\/#website\",\"url\":\"https:\/\/teatinos.org\/pt-br\/\",\"name\":\"Teatinos\",\"description\":\"Orden de Cl\u00e9rigos Regulares\",\"potentialAction\":[{\"@type\":\"SearchAction\",\"target\":{\"@type\":\"EntryPoint\",\"urlTemplate\":\"https:\/\/teatinos.org\/pt-br\/?s={search_term_string}\"},\"query-input\":{\"@type\":\"PropertyValueSpecification\",\"valueRequired\":true,\"valueName\":\"search_term_string\"}}],\"inLanguage\":\"en-US\"},{\"@type\":\"Person\",\"@id\":\"https:\/\/teatinos.org\/pt-br\/#\/schema\/person\/10193cb8ac6f163661033cf7ce9006a5\",\"name\":\"Community Manager\",\"url\":\"https:\/\/teatinos.org\/en\/author\/pascual\/\"}]}<\/script>\n<!-- \/ Yoast SEO plugin. -->","yoast_head_json":{"title":"Provincial Chapter begins from Spain Province of San Alfonso and the Immaculate - Teatinos","robots":{"index":"index","follow":"follow","max-snippet":"max-snippet:-1","max-image-preview":"max-image-preview:large","max-video-preview":"max-video-preview:-1"},"canonical":"https:\/\/teatinos.org\/en\/comienza-el-capitulo-provincial-de-espana-provincia-de-san-alfonso-y-la-inmaculada\/","og_locale":"en_US","og_type":"article","og_title":"Provincial Chapter begins from Spain Province of San Alfonso and the Immaculate - Teatinos","og_description":"Dear brothers, In this time of Easter, a time of joy and waiting for the Spirit, we ask you for a trusting prayer in Divine Providence and through the intercession of Our saints and blessed, for the Provincial Chapter of our brothers in Spain: Saint Cajetan, Saint Andrew Avelino Saint&hellip;","og_url":"https:\/\/teatinos.org\/en\/comienza-el-capitulo-provincial-de-espana-provincia-de-san-alfonso-y-la-inmaculada\/","og_site_name":"Teatinos","article_published_time":"2022-04-19T23:55:22+00:00","article_modified_time":"2022-04-20T00:00:54+00:00","og_image":[{"width":1080,"height":1080,"url":"https:\/\/teatinos.org\/wp-content\/uploads\/2022\/02\/PLACA-NOTICIAS-ESPANA.png","type":"image\/png"}],"author":"Community Manager","twitter_card":"summary_large_image","twitter_misc":{"Written by":"Community Manager","Est. reading time":"1 minute"},"schema":{"@context":"https:\/\/schema.org","@graph":[{"@type":"WebPage","@id":"https:\/\/teatinos.org\/en\/comienza-el-capitulo-provincial-de-espana-provincia-de-san-alfonso-y-la-inmaculada\/","url":"https:\/\/teatinos.org\/en\/comienza-el-capitulo-provincial-de-espana-provincia-de-san-alfonso-y-la-inmaculada\/","name":"Provincial Chapter begins from Spain Province of San Alfonso and the Immaculate - Teatinos","isPartOf":{"@id":"https:\/\/teatinos.org\/pt-br\/#website"},"primaryImageOfPage":{"@id":"https:\/\/teatinos.org\/en\/comienza-el-capitulo-provincial-de-espana-provincia-de-san-alfonso-y-la-inmaculada\/#primaryimage"},"image":{"@id":"https:\/\/teatinos.org\/en\/comienza-el-capitulo-provincial-de-espana-provincia-de-san-alfonso-y-la-inmaculada\/#primaryimage"},"thumbnailUrl":"https:\/\/teatinos.org\/wp-content\/uploads\/2022\/02\/PLACA-NOTICIAS-ESPANA.png","datePublished":"2022-04-19T23:55:22+00:00","dateModified":"2022-04-20T00:00:54+00:00","author":{"@id":"https:\/\/teatinos.org\/pt-br\/#\/schema\/person\/10193cb8ac6f163661033cf7ce9006a5"},"breadcrumb":{"@id":"https:\/\/teatinos.org\/en\/comienza-el-capitulo-provincial-de-espana-provincia-de-san-alfonso-y-la-inmaculada\/#breadcrumb"},"inLanguage":"en-US","potentialAction":[{"@type":"ReadAction","target":["https:\/\/teatinos.org\/en\/comienza-el-capitulo-provincial-de-espana-provincia-de-san-alfonso-y-la-inmaculada\/"]}]},{"@type":"ImageObject","inLanguage":"en-US","@id":"https:\/\/teatinos.org\/en\/comienza-el-capitulo-provincial-de-espana-provincia-de-san-alfonso-y-la-inmaculada\/#primaryimage","url":"https:\/\/teatinos.org\/wp-content\/uploads\/2022\/02\/PLACA-NOTICIAS-ESPANA.png","contentUrl":"https:\/\/teatinos.org\/wp-content\/uploads\/2022\/02\/PLACA-NOTICIAS-ESPANA.png","width":1080,"height":1080},{"@type":"BreadcrumbList","@id":"https:\/\/teatinos.org\/en\/comienza-el-capitulo-provincial-de-espana-provincia-de-san-alfonso-y-la-inmaculada\/#breadcrumb","itemListElement":[{"@type":"ListItem","position":1,"name":"Portada","item":"https:\/\/teatinos.org\/en\/"},{"@type":"ListItem","position":2,"name":"Provincial Chapter begins from Spain Province of San Alfonso and the Immaculate"}]},{"@type":"WebSite","@id":"https:\/\/teatinos.org\/pt-br\/#website","url":"https:\/\/teatinos.org\/pt-br\/","name":"Teatinos","description":"Orden de Cl\u00e9rigos Regulares","potentialAction":[{"@type":"SearchAction","target":{"@type":"EntryPoint","urlTemplate":"https:\/\/teatinos.org\/pt-br\/?s={search_term_string}"},"query-input":{"@type":"PropertyValueSpecification","valueRequired":true,"valueName":"search_term_string"}}],"inLanguage":"en-US"},{"@type":"Person","@id":"https:\/\/teatinos.org\/pt-br\/#\/schema\/person\/10193cb8ac6f163661033cf7ce9006a5","name":"Community Manager","url":"https:\/\/teatinos.org\/en\/author\/pascual\/"}]}},"rttpg_featured_image_url":{"full":["https:\/\/teatinos.org\/wp-content\/uploads\/2022\/02\/PLACA-NOTICIAS-ESPANA.png",1080,1080,false],"landscape":["https:\/\/teatinos.org\/wp-content\/uploads\/2022\/02\/PLACA-NOTICIAS-ESPANA.png",1080,1080,false],"portraits":["https:\/\/teatinos.org\/wp-content\/uploads\/2022\/02\/PLACA-NOTICIAS-ESPANA.png",1080,1080,false],"thumbnail":["https:\/\/teatinos.org\/wp-content\/uploads\/2022\/02\/PLACA-NOTICIAS-ESPANA-150x150.png",150,150,true],"medium":["https:\/\/teatinos.org\/wp-content\/uploads\/2022\/02\/PLACA-NOTICIAS-ESPANA-300x300.png",300,300,true],"large":["https:\/\/teatinos.org\/wp-content\/uploads\/2022\/02\/PLACA-NOTICIAS-ESPANA-1024x1024.png",1000,1000,true],"1536x1536":["https:\/\/teatinos.org\/wp-content\/uploads\/2022\/02\/PLACA-NOTICIAS-ESPANA.png",1080,1080,false],"2048x2048":["https:\/\/teatinos.org\/wp-content\/uploads\/2022\/02\/PLACA-NOTICIAS-ESPANA.png",1080,1080,false]},"rttpg_author":{"display_name":"Community Manager","author_link":"https:\/\/teatinos.org\/en\/author\/pascual\/"},"rttpg_comment":0,"rttpg_category":"<a href=\"https:\/\/teatinos.org\/en\/category\/news\/\" rel=\"category tag\">News<\/a>","rttpg_excerpt":"Dear brothers, In this time of Easter, a time of joy and waiting for the Spirit, we ask you for a trusting prayer in Divine Providence and through the intercession of Our saints and blessed, for the Provincial Chapter of our brothers in Spain: Saint Cajetan, Saint Andrew Avelino Saint&hellip;","_links":{"self":[{"href":"https:\/\/teatinos.org\/en\/wp-json\/wp\/v2\/posts\/9416","targetHints":{"allow":["GET"]}}],"collection":[{"href":"https:\/\/teatinos.org\/en\/wp-json\/wp\/v2\/posts"}],"about":[{"href":"https:\/\/teatinos.org\/en\/wp-json\/wp\/v2\/types\/post"}],"author":[{"embeddable":true,"href":"https:\/\/teatinos.org\/en\/wp-json\/wp\/v2\/users\/5"}],"replies":[{"embeddable":true,"href":"https:\/\/teatinos.org\/en\/wp-json\/wp\/v2\/comments?post=9416"}],"version-history":[{"count":2,"href":"https:\/\/teatinos.org\/en\/wp-json\/wp\/v2\/posts\/9416\/revisions"}],"predecessor-version":[{"id":9425,"href":"https:\/\/teatinos.org\/en\/wp-json\/wp\/v2\/posts\/9416\/revisions\/9425"}],"wp:featuredmedia":[{"embeddable":true,"href":"https:\/\/teatinos.org\/en\/wp-json\/wp\/v2\/media\/8979"}],"wp:attachment":[{"href":"https:\/\/teatinos.org\/en\/wp-json\/wp\/v2\/media?parent=9416"}],"wp:term":[{"taxonomy":"category","embeddable":true,"href":"https:\/\/teatinos.org\/en\/wp-json\/wp\/v2\/categories?post=9416"},{"taxonomy":"post_tag","embeddable":true,"href":"https:\/\/teatinos.org\/en\/wp-json\/wp\/v2\/tags?post=9416"}],"curies":[{"name":"wp","href":"https:\/\/api.w.org\/{rel}","templated":true}]}}