{"id":8471,"date":"2022-01-03T01:04:12","date_gmt":"2022-01-03T01:04:12","guid":{"rendered":"http:\/\/teatinos.org\/?p=8471"},"modified":"2022-01-03T01:04:12","modified_gmt":"2022-01-03T01:04:12","slug":"death-of-fr-antonio-domenech-c-r","status":"publish","type":"post","link":"https:\/\/teatinos.org\/en\/death-of-fr-antonio-domenech-c-r\/","title":{"rendered":"Death of Fr. Antonio Dom\u00e9nech, C.R."},"content":{"rendered":"<h3 style=\"text-align: center;\">Death<br \/>\nof Fr. Antonio Dom\u00e9nech, C.R.<\/h3>\n<p>Communication made by the Provincial Secretary of the Theatine Regular Clerics in Spain, R.P. Francisco Javier Delgado Delgado, C.R., on January 2, 2022.<\/p>\n<p>Dear Fathers,<br \/>\nAgain I write to inform you that this afternoon our dear Fr. Antonio Mar\u00eda Dom\u00e9nech Font, C.R. he has left for the House of the Father.<br \/>\nLet us unite in prayer for his Eternal Easter and for the comfort and strength in the Risen Christ for our Community, his family and friends.<\/p>\n<p>When everything has been organized, we will give you more information about the funeral and burial.<\/p>\n<p>Attached, a small profile of his life.<\/p>\n<p>United in prayer.<br \/>\n&#8212;&#8212;&#8212;&#8212;&#8211;<br \/>\n<strong>Brief sketch of the life of Fr. Antonio Mar\u00eda Dom\u00e9nech Font, C.R.<\/strong><br \/>\nFather Antonio Mar\u00eda Dom\u00e9nech Font, C.R. son of mr. Jos\u00e9 and Mrs. Mar\u00eda were born in Cambrils (Tarragona) on May 8, 1940.<br \/>\nHe began the novitiate on September 13, 1992 in the House of Our Lady of Casta\u00f1ar de B\u00e9jar (Salamanca) and, in this same House, on October 16, 1993 he made his First Religious Profession. In November 1994 he was assigned to the House of San Alfonso de Felanitx (Mallorca). Then, in August 1996, he was assigned to the Casa de San Cayetano in Madrid. On November 29, 1998, he was ordained a permanent deacon in the House of Morlupo (Italy). On September 30, 2000, he received the Sacrament of the Presbyterate in the Virgen de la Providencia and San Cayetano Parish in Madrid.<br \/>\nAfter his priestly ordination, he was assigned to the House of San Alberto Magno in Cali (Colombia) to exercise his priestly ministry and collaborate in the great pastoral and social activity that the Community had begun to carry out in this city. There he remained until 2019, the year in which he had to move to the Casa de San Cayetano in Madrid due to health problems.<\/p>\n<p>Francisco Javier Delgado Delgado, C.R.<br \/>\nProvincial Secretary<\/p>\n<hr \/>\n<p><a href=\"http:\/\/teatinos.org\/wp-content\/uploads\/2022\/01\/P.-Antonio-Maria-Domenech-Font-C.R.-.jpg\"><img loading=\"lazy\" decoding=\"async\" class=\"alignnone size-full wp-image-8457\" src=\"http:\/\/teatinos.org\/wp-content\/uploads\/2022\/01\/P.-Antonio-Maria-Domenech-Font-C.R.-.jpg\" alt=\"\" width=\"960\" height=\"640\" \/><\/a><\/p>\n","protected":false},"excerpt":{"rendered":"<p>Death of Fr. Antonio Dom\u00e9nech, C.R. Communication made by the Provincial Secretary of the Theatine Regular Clerics in Spain, R.P. Francisco Javier Delgado Delgado, C.R., on January 2, 2022. Dear Fathers, Again I write to inform you that this afternoon our dear Fr. Antonio Mar\u00eda Dom\u00e9nech Font, C.R. he has&hellip;<\/p>\n","protected":false},"author":5,"featured_media":8462,"comment_status":"closed","ping_status":"open","sticky":false,"template":"","format":"standard","meta":{"_acf_changed":false,"footnotes":"","_links_to":"","_links_to_target":""},"categories":[95],"tags":[],"class_list":["post-8471","post","type-post","status-publish","format-standard","has-post-thumbnail","hentry","category-news"],"acf":[],"yoast_head":"<!-- This site is optimized with the Yoast SEO plugin v23.5 - https:\/\/yoast.com\/wordpress\/plugins\/seo\/ -->\n<title>Death of Fr. Antonio Dom\u00e9nech, C.R. - Teatinos<\/title>\n<meta name=\"robots\" content=\"index, follow, max-snippet:-1, max-image-preview:large, max-video-preview:-1\" \/>\n<link rel=\"canonical\" href=\"https:\/\/teatinos.org\/en\/death-of-fr-antonio-domenech-c-r\/\" \/>\n<meta property=\"og:locale\" content=\"en_US\" \/>\n<meta property=\"og:type\" content=\"article\" \/>\n<meta property=\"og:title\" content=\"Death of Fr. Antonio Dom\u00e9nech, C.R. - Teatinos\" \/>\n<meta property=\"og:description\" content=\"Death of Fr. Antonio Dom\u00e9nech, C.R. Communication made by the Provincial Secretary of the Theatine Regular Clerics in Spain, R.P. Francisco Javier Delgado Delgado, C.R., on January 2, 2022. Dear Fathers, Again I write to inform you that this afternoon our dear Fr. Antonio Mar\u00eda Dom\u00e9nech Font, C.R. he has&hellip;\" \/>\n<meta property=\"og:url\" content=\"https:\/\/teatinos.org\/en\/death-of-fr-antonio-domenech-c-r\/\" \/>\n<meta property=\"og:site_name\" content=\"Teatinos\" \/>\n<meta property=\"article:published_time\" content=\"2022-01-03T01:04:12+00:00\" \/>\n<meta property=\"og:image\" content=\"https:\/\/teatinos.org\/wp-content\/uploads\/2022\/01\/P.-Antonio-Maria-Domenech-Font-C.R.-2022.png\" \/>\n\t<meta property=\"og:image:width\" content=\"1080\" \/>\n\t<meta property=\"og:image:height\" content=\"1080\" \/>\n\t<meta property=\"og:image:type\" content=\"image\/png\" \/>\n<meta name=\"author\" content=\"Community Manager\" \/>\n<meta name=\"twitter:card\" content=\"summary_large_image\" \/>\n<meta name=\"twitter:label1\" content=\"Written by\" \/>\n\t<meta name=\"twitter:data1\" content=\"Community Manager\" \/>\n\t<meta name=\"twitter:label2\" content=\"Est. reading time\" \/>\n\t<meta name=\"twitter:data2\" content=\"2 minutes\" \/>\n<script type=\"application\/ld+json\" class=\"yoast-schema-graph\">{\"@context\":\"https:\/\/schema.org\",\"@graph\":[{\"@type\":\"WebPage\",\"@id\":\"https:\/\/teatinos.org\/en\/death-of-fr-antonio-domenech-c-r\/\",\"url\":\"https:\/\/teatinos.org\/en\/death-of-fr-antonio-domenech-c-r\/\",\"name\":\"Death of Fr. Antonio Dom\u00e9nech, C.R. - Teatinos\",\"isPartOf\":{\"@id\":\"https:\/\/teatinos.org\/pt-br\/#website\"},\"primaryImageOfPage\":{\"@id\":\"https:\/\/teatinos.org\/en\/death-of-fr-antonio-domenech-c-r\/#primaryimage\"},\"image\":{\"@id\":\"https:\/\/teatinos.org\/en\/death-of-fr-antonio-domenech-c-r\/#primaryimage\"},\"thumbnailUrl\":\"https:\/\/teatinos.org\/wp-content\/uploads\/2022\/01\/P.-Antonio-Maria-Domenech-Font-C.R.-2022.png\",\"datePublished\":\"2022-01-03T01:04:12+00:00\",\"dateModified\":\"2022-01-03T01:04:12+00:00\",\"author\":{\"@id\":\"https:\/\/teatinos.org\/pt-br\/#\/schema\/person\/10193cb8ac6f163661033cf7ce9006a5\"},\"breadcrumb\":{\"@id\":\"https:\/\/teatinos.org\/en\/death-of-fr-antonio-domenech-c-r\/#breadcrumb\"},\"inLanguage\":\"en-US\",\"potentialAction\":[{\"@type\":\"ReadAction\",\"target\":[\"https:\/\/teatinos.org\/en\/death-of-fr-antonio-domenech-c-r\/\"]}]},{\"@type\":\"ImageObject\",\"inLanguage\":\"en-US\",\"@id\":\"https:\/\/teatinos.org\/en\/death-of-fr-antonio-domenech-c-r\/#primaryimage\",\"url\":\"https:\/\/teatinos.org\/wp-content\/uploads\/2022\/01\/P.-Antonio-Maria-Domenech-Font-C.R.-2022.png\",\"contentUrl\":\"https:\/\/teatinos.org\/wp-content\/uploads\/2022\/01\/P.-Antonio-Maria-Domenech-Font-C.R.-2022.png\",\"width\":1080,\"height\":1080},{\"@type\":\"BreadcrumbList\",\"@id\":\"https:\/\/teatinos.org\/en\/death-of-fr-antonio-domenech-c-r\/#breadcrumb\",\"itemListElement\":[{\"@type\":\"ListItem\",\"position\":1,\"name\":\"Portada\",\"item\":\"https:\/\/teatinos.org\/en\/\"},{\"@type\":\"ListItem\",\"position\":2,\"name\":\"Death of Fr. Antonio Dom\u00e9nech, C.R.\"}]},{\"@type\":\"WebSite\",\"@id\":\"https:\/\/teatinos.org\/pt-br\/#website\",\"url\":\"https:\/\/teatinos.org\/pt-br\/\",\"name\":\"Teatinos\",\"description\":\"Orden de Cl\u00e9rigos Regulares\",\"potentialAction\":[{\"@type\":\"SearchAction\",\"target\":{\"@type\":\"EntryPoint\",\"urlTemplate\":\"https:\/\/teatinos.org\/pt-br\/?s={search_term_string}\"},\"query-input\":{\"@type\":\"PropertyValueSpecification\",\"valueRequired\":true,\"valueName\":\"search_term_string\"}}],\"inLanguage\":\"en-US\"},{\"@type\":\"Person\",\"@id\":\"https:\/\/teatinos.org\/pt-br\/#\/schema\/person\/10193cb8ac6f163661033cf7ce9006a5\",\"name\":\"Community Manager\",\"url\":\"https:\/\/teatinos.org\/en\/author\/pascual\/\"}]}<\/script>\n<!-- \/ Yoast SEO plugin. -->","yoast_head_json":{"title":"Death of Fr. Antonio Dom\u00e9nech, C.R. - Teatinos","robots":{"index":"index","follow":"follow","max-snippet":"max-snippet:-1","max-image-preview":"max-image-preview:large","max-video-preview":"max-video-preview:-1"},"canonical":"https:\/\/teatinos.org\/en\/death-of-fr-antonio-domenech-c-r\/","og_locale":"en_US","og_type":"article","og_title":"Death of Fr. Antonio Dom\u00e9nech, C.R. - Teatinos","og_description":"Death of Fr. Antonio Dom\u00e9nech, C.R. Communication made by the Provincial Secretary of the Theatine Regular Clerics in Spain, R.P. Francisco Javier Delgado Delgado, C.R., on January 2, 2022. Dear Fathers, Again I write to inform you that this afternoon our dear Fr. Antonio Mar\u00eda Dom\u00e9nech Font, C.R. he has&hellip;","og_url":"https:\/\/teatinos.org\/en\/death-of-fr-antonio-domenech-c-r\/","og_site_name":"Teatinos","article_published_time":"2022-01-03T01:04:12+00:00","og_image":[{"width":1080,"height":1080,"url":"https:\/\/teatinos.org\/wp-content\/uploads\/2022\/01\/P.-Antonio-Maria-Domenech-Font-C.R.-2022.png","type":"image\/png"}],"author":"Community Manager","twitter_card":"summary_large_image","twitter_misc":{"Written by":"Community Manager","Est. reading time":"2 minutes"},"schema":{"@context":"https:\/\/schema.org","@graph":[{"@type":"WebPage","@id":"https:\/\/teatinos.org\/en\/death-of-fr-antonio-domenech-c-r\/","url":"https:\/\/teatinos.org\/en\/death-of-fr-antonio-domenech-c-r\/","name":"Death of Fr. Antonio Dom\u00e9nech, C.R. - Teatinos","isPartOf":{"@id":"https:\/\/teatinos.org\/pt-br\/#website"},"primaryImageOfPage":{"@id":"https:\/\/teatinos.org\/en\/death-of-fr-antonio-domenech-c-r\/#primaryimage"},"image":{"@id":"https:\/\/teatinos.org\/en\/death-of-fr-antonio-domenech-c-r\/#primaryimage"},"thumbnailUrl":"https:\/\/teatinos.org\/wp-content\/uploads\/2022\/01\/P.-Antonio-Maria-Domenech-Font-C.R.-2022.png","datePublished":"2022-01-03T01:04:12+00:00","dateModified":"2022-01-03T01:04:12+00:00","author":{"@id":"https:\/\/teatinos.org\/pt-br\/#\/schema\/person\/10193cb8ac6f163661033cf7ce9006a5"},"breadcrumb":{"@id":"https:\/\/teatinos.org\/en\/death-of-fr-antonio-domenech-c-r\/#breadcrumb"},"inLanguage":"en-US","potentialAction":[{"@type":"ReadAction","target":["https:\/\/teatinos.org\/en\/death-of-fr-antonio-domenech-c-r\/"]}]},{"@type":"ImageObject","inLanguage":"en-US","@id":"https:\/\/teatinos.org\/en\/death-of-fr-antonio-domenech-c-r\/#primaryimage","url":"https:\/\/teatinos.org\/wp-content\/uploads\/2022\/01\/P.-Antonio-Maria-Domenech-Font-C.R.-2022.png","contentUrl":"https:\/\/teatinos.org\/wp-content\/uploads\/2022\/01\/P.-Antonio-Maria-Domenech-Font-C.R.-2022.png","width":1080,"height":1080},{"@type":"BreadcrumbList","@id":"https:\/\/teatinos.org\/en\/death-of-fr-antonio-domenech-c-r\/#breadcrumb","itemListElement":[{"@type":"ListItem","position":1,"name":"Portada","item":"https:\/\/teatinos.org\/en\/"},{"@type":"ListItem","position":2,"name":"Death of Fr. Antonio Dom\u00e9nech, C.R."}]},{"@type":"WebSite","@id":"https:\/\/teatinos.org\/pt-br\/#website","url":"https:\/\/teatinos.org\/pt-br\/","name":"Teatinos","description":"Orden de Cl\u00e9rigos Regulares","potentialAction":[{"@type":"SearchAction","target":{"@type":"EntryPoint","urlTemplate":"https:\/\/teatinos.org\/pt-br\/?s={search_term_string}"},"query-input":{"@type":"PropertyValueSpecification","valueRequired":true,"valueName":"search_term_string"}}],"inLanguage":"en-US"},{"@type":"Person","@id":"https:\/\/teatinos.org\/pt-br\/#\/schema\/person\/10193cb8ac6f163661033cf7ce9006a5","name":"Community Manager","url":"https:\/\/teatinos.org\/en\/author\/pascual\/"}]}},"rttpg_featured_image_url":{"full":["https:\/\/teatinos.org\/wp-content\/uploads\/2022\/01\/P.-Antonio-Maria-Domenech-Font-C.R.-2022.png",1080,1080,false],"landscape":["https:\/\/teatinos.org\/wp-content\/uploads\/2022\/01\/P.-Antonio-Maria-Domenech-Font-C.R.-2022.png",1080,1080,false],"portraits":["https:\/\/teatinos.org\/wp-content\/uploads\/2022\/01\/P.-Antonio-Maria-Domenech-Font-C.R.-2022.png",1080,1080,false],"thumbnail":["https:\/\/teatinos.org\/wp-content\/uploads\/2022\/01\/P.-Antonio-Maria-Domenech-Font-C.R.-2022-150x150.png",150,150,true],"medium":["https:\/\/teatinos.org\/wp-content\/uploads\/2022\/01\/P.-Antonio-Maria-Domenech-Font-C.R.-2022-300x300.png",300,300,true],"large":["https:\/\/teatinos.org\/wp-content\/uploads\/2022\/01\/P.-Antonio-Maria-Domenech-Font-C.R.-2022-1024x1024.png",1000,1000,true],"1536x1536":["https:\/\/teatinos.org\/wp-content\/uploads\/2022\/01\/P.-Antonio-Maria-Domenech-Font-C.R.-2022.png",1080,1080,false],"2048x2048":["https:\/\/teatinos.org\/wp-content\/uploads\/2022\/01\/P.-Antonio-Maria-Domenech-Font-C.R.-2022.png",1080,1080,false]},"rttpg_author":{"display_name":"Community Manager","author_link":"https:\/\/teatinos.org\/en\/author\/pascual\/"},"rttpg_comment":0,"rttpg_category":"<a href=\"https:\/\/teatinos.org\/en\/category\/news\/\" rel=\"category tag\">News<\/a>","rttpg_excerpt":"Death of Fr. Antonio Dom\u00e9nech, C.R. Communication made by the Provincial Secretary of the Theatine Regular Clerics in Spain, R.P. Francisco Javier Delgado Delgado, C.R., on January 2, 2022. Dear Fathers, Again I write to inform you that this afternoon our dear Fr. Antonio Mar\u00eda Dom\u00e9nech Font, C.R. he has&hellip;","_links":{"self":[{"href":"https:\/\/teatinos.org\/en\/wp-json\/wp\/v2\/posts\/8471","targetHints":{"allow":["GET"]}}],"collection":[{"href":"https:\/\/teatinos.org\/en\/wp-json\/wp\/v2\/posts"}],"about":[{"href":"https:\/\/teatinos.org\/en\/wp-json\/wp\/v2\/types\/post"}],"author":[{"embeddable":true,"href":"https:\/\/teatinos.org\/en\/wp-json\/wp\/v2\/users\/5"}],"replies":[{"embeddable":true,"href":"https:\/\/teatinos.org\/en\/wp-json\/wp\/v2\/comments?post=8471"}],"version-history":[{"count":1,"href":"https:\/\/teatinos.org\/en\/wp-json\/wp\/v2\/posts\/8471\/revisions"}],"predecessor-version":[{"id":8472,"href":"https:\/\/teatinos.org\/en\/wp-json\/wp\/v2\/posts\/8471\/revisions\/8472"}],"wp:featuredmedia":[{"embeddable":true,"href":"https:\/\/teatinos.org\/en\/wp-json\/wp\/v2\/media\/8462"}],"wp:attachment":[{"href":"https:\/\/teatinos.org\/en\/wp-json\/wp\/v2\/media?parent=8471"}],"wp:term":[{"taxonomy":"category","embeddable":true,"href":"https:\/\/teatinos.org\/en\/wp-json\/wp\/v2\/categories?post=8471"},{"taxonomy":"post_tag","embeddable":true,"href":"https:\/\/teatinos.org\/en\/wp-json\/wp\/v2\/tags?post=8471"}],"curies":[{"name":"wp","href":"https:\/\/api.w.org\/{rel}","templated":true}]}}