{"id":7712,"date":"2021-07-24T19:45:37","date_gmt":"2021-07-24T19:45:37","guid":{"rendered":"http:\/\/teatinos.org\/?p=7712"},"modified":"2021-07-24T19:45:37","modified_gmt":"2021-07-24T19:45:37","slug":"theatines-neo-priests","status":"publish","type":"post","link":"https:\/\/teatinos.org\/en\/theatines-neo-priests\/","title":{"rendered":"Theatines Neo-priests"},"content":{"rendered":"<p>On July 12, 2021, at 12:00 p.m., Deacon Miguel Salinas Hern\u00e1ndez, CR, belonging to the Theatine Province of Mexico and currently residing at Casa San Gaetano in Rome, Italy, while continuing his studies of spirituality and collaborates with the pastoral life of that Italian theatine community, he was ordained a priest.<\/p>\n<p>The Sacrament of Holy Orders in the second degree of the presbyterate was conferred on our brother by the laying on of hands and the consecration prayer of H.E.R. Bishop Adolfo Casta\u00f1o Fonseca, diocesan bishop of Azcapozalco, Mexico.<\/p>\n<p>We renew our prayer, so that the Lord continues to assist in his theatine and priestly life the now Fr. Miguel Salinas, C.R.<\/p>\n<p><a href=\"http:\/\/teatinos.org\/wp-content\/uploads\/2021\/07\/Miguel-Salinas-2021.jpg\"><img loading=\"lazy\" decoding=\"async\" class=\"alignnone size-full wp-image-7688\" src=\"http:\/\/teatinos.org\/wp-content\/uploads\/2021\/07\/Miguel-Salinas-2021.jpg\" alt=\"\" width=\"2048\" height=\"1717\" \/><\/a><\/p>\n<hr \/>\n<p>On July 16, 2021, when the entire Church commemorated Nuestra Se\u00f1ora del Carmen, the expiatory temple of Guadalajara was adorned with the distinguished figures of four Theatine deacons, all of them belonging to the Theatine Province of the United States of America. , who were preparing to receive the Sacrament of Holy Orders in the second degree of the presbyterate. We are talking about V\u00edctor M\u00e9ndez Cano, Juan Miguel Tabares Zamora, David Arroyo Alonso and H\u00e9ctor Del R\u00edo Pi\u00f1a, CC.RR.<\/p>\n<p>The ceremony took place at 4:00 p.m. and was chaired by H.E.R. Mons. Juan Manuel Mu\u00f1oz Curiel, OFM, auxiliary bishop of the Archdiocese of Guadalajara.<\/p>\n<p>We join in the joy of our brothers from the Province &#8220;Our Lady of Purity&#8221; and we continue to accompany with our prayers the path of these new Theatine priests.<\/p>\n<p><a href=\"http:\/\/teatinos.org\/wp-content\/uploads\/2021\/07\/Ordenados-2021.jpg\"><img loading=\"lazy\" decoding=\"async\" class=\"alignnone size-full wp-image-7703\" src=\"http:\/\/teatinos.org\/wp-content\/uploads\/2021\/07\/Ordenados-2021.jpg\" alt=\"\" width=\"576\" height=\"888\" \/><\/a><\/p>\n<p><a href=\"http:\/\/teatinos.org\/wp-content\/uploads\/2021\/07\/Ordenados-2021-2.jpg\"><img loading=\"lazy\" decoding=\"async\" class=\"alignnone size-full wp-image-7693\" src=\"http:\/\/teatinos.org\/wp-content\/uploads\/2021\/07\/Ordenados-2021-2.jpg\" alt=\"\" width=\"960\" height=\"524\" \/><\/a><\/p>\n<p><a href=\"http:\/\/teatinos.org\/wp-content\/uploads\/2021\/07\/Ordenados-2021-3.jpg\"><img loading=\"lazy\" decoding=\"async\" class=\"alignnone size-full wp-image-7698\" src=\"http:\/\/teatinos.org\/wp-content\/uploads\/2021\/07\/Ordenados-2021-3.jpg\" alt=\"\" width=\"720\" height=\"540\" \/><\/a><\/p>\n","protected":false},"excerpt":{"rendered":"<p>On July 12, 2021, at 12:00 p.m., Deacon Miguel Salinas Hern\u00e1ndez, CR, belonging to the Theatine Province of Mexico and currently residing at Casa San Gaetano in Rome, Italy, while continuing his studies of spirituality and collaborates with the pastoral life of that Italian theatine community, he was ordained a&hellip;<\/p>\n","protected":false},"author":5,"featured_media":7445,"comment_status":"closed","ping_status":"open","sticky":false,"template":"","format":"standard","meta":{"_acf_changed":false,"footnotes":"","_links_to":"","_links_to_target":""},"categories":[95],"tags":[],"class_list":["post-7712","post","type-post","status-publish","format-standard","has-post-thumbnail","hentry","category-news"],"acf":[],"yoast_head":"<!-- This site is optimized with the Yoast SEO plugin v23.5 - https:\/\/yoast.com\/wordpress\/plugins\/seo\/ -->\n<title>Theatines Neo-priests - Teatinos<\/title>\n<meta name=\"robots\" content=\"index, follow, max-snippet:-1, max-image-preview:large, max-video-preview:-1\" \/>\n<link rel=\"canonical\" href=\"https:\/\/teatinos.org\/en\/theatines-neo-priests\/\" \/>\n<meta property=\"og:locale\" content=\"en_US\" \/>\n<meta property=\"og:type\" content=\"article\" \/>\n<meta property=\"og:title\" content=\"Theatines Neo-priests - Teatinos\" \/>\n<meta property=\"og:description\" content=\"On July 12, 2021, at 12:00 p.m., Deacon Miguel Salinas Hern\u00e1ndez, CR, belonging to the Theatine Province of Mexico and currently residing at Casa San Gaetano in Rome, Italy, while continuing his studies of spirituality and collaborates with the pastoral life of that Italian theatine community, he was ordained a&hellip;\" \/>\n<meta property=\"og:url\" content=\"https:\/\/teatinos.org\/en\/theatines-neo-priests\/\" \/>\n<meta property=\"og:site_name\" content=\"Teatinos\" \/>\n<meta property=\"article:published_time\" content=\"2021-07-24T19:45:37+00:00\" \/>\n<meta property=\"og:image\" content=\"https:\/\/teatinos.org\/wp-content\/uploads\/2021\/06\/Teatinos-en-Camino-2021.png\" \/>\n\t<meta property=\"og:image:width\" content=\"1080\" \/>\n\t<meta property=\"og:image:height\" content=\"1080\" \/>\n\t<meta property=\"og:image:type\" content=\"image\/png\" \/>\n<meta name=\"author\" content=\"Community Manager\" \/>\n<meta name=\"twitter:card\" content=\"summary_large_image\" \/>\n<meta name=\"twitter:label1\" content=\"Written by\" \/>\n\t<meta name=\"twitter:data1\" content=\"Community Manager\" \/>\n\t<meta name=\"twitter:label2\" content=\"Est. reading time\" \/>\n\t<meta name=\"twitter:data2\" content=\"2 minutes\" \/>\n<script type=\"application\/ld+json\" class=\"yoast-schema-graph\">{\"@context\":\"https:\/\/schema.org\",\"@graph\":[{\"@type\":\"WebPage\",\"@id\":\"https:\/\/teatinos.org\/en\/theatines-neo-priests\/\",\"url\":\"https:\/\/teatinos.org\/en\/theatines-neo-priests\/\",\"name\":\"Theatines Neo-priests - Teatinos\",\"isPartOf\":{\"@id\":\"https:\/\/teatinos.org\/pt-br\/#website\"},\"primaryImageOfPage\":{\"@id\":\"https:\/\/teatinos.org\/en\/theatines-neo-priests\/#primaryimage\"},\"image\":{\"@id\":\"https:\/\/teatinos.org\/en\/theatines-neo-priests\/#primaryimage\"},\"thumbnailUrl\":\"https:\/\/teatinos.org\/wp-content\/uploads\/2021\/06\/Teatinos-en-Camino-2021.png\",\"datePublished\":\"2021-07-24T19:45:37+00:00\",\"dateModified\":\"2021-07-24T19:45:37+00:00\",\"author\":{\"@id\":\"https:\/\/teatinos.org\/pt-br\/#\/schema\/person\/10193cb8ac6f163661033cf7ce9006a5\"},\"breadcrumb\":{\"@id\":\"https:\/\/teatinos.org\/en\/theatines-neo-priests\/#breadcrumb\"},\"inLanguage\":\"en-US\",\"potentialAction\":[{\"@type\":\"ReadAction\",\"target\":[\"https:\/\/teatinos.org\/en\/theatines-neo-priests\/\"]}]},{\"@type\":\"ImageObject\",\"inLanguage\":\"en-US\",\"@id\":\"https:\/\/teatinos.org\/en\/theatines-neo-priests\/#primaryimage\",\"url\":\"https:\/\/teatinos.org\/wp-content\/uploads\/2021\/06\/Teatinos-en-Camino-2021.png\",\"contentUrl\":\"https:\/\/teatinos.org\/wp-content\/uploads\/2021\/06\/Teatinos-en-Camino-2021.png\",\"width\":1080,\"height\":1080},{\"@type\":\"BreadcrumbList\",\"@id\":\"https:\/\/teatinos.org\/en\/theatines-neo-priests\/#breadcrumb\",\"itemListElement\":[{\"@type\":\"ListItem\",\"position\":1,\"name\":\"Portada\",\"item\":\"https:\/\/teatinos.org\/en\/\"},{\"@type\":\"ListItem\",\"position\":2,\"name\":\"Theatines Neo-priests\"}]},{\"@type\":\"WebSite\",\"@id\":\"https:\/\/teatinos.org\/pt-br\/#website\",\"url\":\"https:\/\/teatinos.org\/pt-br\/\",\"name\":\"Teatinos\",\"description\":\"Orden de Cl\u00e9rigos Regulares\",\"potentialAction\":[{\"@type\":\"SearchAction\",\"target\":{\"@type\":\"EntryPoint\",\"urlTemplate\":\"https:\/\/teatinos.org\/pt-br\/?s={search_term_string}\"},\"query-input\":{\"@type\":\"PropertyValueSpecification\",\"valueRequired\":true,\"valueName\":\"search_term_string\"}}],\"inLanguage\":\"en-US\"},{\"@type\":\"Person\",\"@id\":\"https:\/\/teatinos.org\/pt-br\/#\/schema\/person\/10193cb8ac6f163661033cf7ce9006a5\",\"name\":\"Community Manager\",\"url\":\"https:\/\/teatinos.org\/en\/author\/pascual\/\"}]}<\/script>\n<!-- \/ Yoast SEO plugin. -->","yoast_head_json":{"title":"Theatines Neo-priests - Teatinos","robots":{"index":"index","follow":"follow","max-snippet":"max-snippet:-1","max-image-preview":"max-image-preview:large","max-video-preview":"max-video-preview:-1"},"canonical":"https:\/\/teatinos.org\/en\/theatines-neo-priests\/","og_locale":"en_US","og_type":"article","og_title":"Theatines Neo-priests - Teatinos","og_description":"On July 12, 2021, at 12:00 p.m., Deacon Miguel Salinas Hern\u00e1ndez, CR, belonging to the Theatine Province of Mexico and currently residing at Casa San Gaetano in Rome, Italy, while continuing his studies of spirituality and collaborates with the pastoral life of that Italian theatine community, he was ordained a&hellip;","og_url":"https:\/\/teatinos.org\/en\/theatines-neo-priests\/","og_site_name":"Teatinos","article_published_time":"2021-07-24T19:45:37+00:00","og_image":[{"width":1080,"height":1080,"url":"https:\/\/teatinos.org\/wp-content\/uploads\/2021\/06\/Teatinos-en-Camino-2021.png","type":"image\/png"}],"author":"Community Manager","twitter_card":"summary_large_image","twitter_misc":{"Written by":"Community Manager","Est. reading time":"2 minutes"},"schema":{"@context":"https:\/\/schema.org","@graph":[{"@type":"WebPage","@id":"https:\/\/teatinos.org\/en\/theatines-neo-priests\/","url":"https:\/\/teatinos.org\/en\/theatines-neo-priests\/","name":"Theatines Neo-priests - Teatinos","isPartOf":{"@id":"https:\/\/teatinos.org\/pt-br\/#website"},"primaryImageOfPage":{"@id":"https:\/\/teatinos.org\/en\/theatines-neo-priests\/#primaryimage"},"image":{"@id":"https:\/\/teatinos.org\/en\/theatines-neo-priests\/#primaryimage"},"thumbnailUrl":"https:\/\/teatinos.org\/wp-content\/uploads\/2021\/06\/Teatinos-en-Camino-2021.png","datePublished":"2021-07-24T19:45:37+00:00","dateModified":"2021-07-24T19:45:37+00:00","author":{"@id":"https:\/\/teatinos.org\/pt-br\/#\/schema\/person\/10193cb8ac6f163661033cf7ce9006a5"},"breadcrumb":{"@id":"https:\/\/teatinos.org\/en\/theatines-neo-priests\/#breadcrumb"},"inLanguage":"en-US","potentialAction":[{"@type":"ReadAction","target":["https:\/\/teatinos.org\/en\/theatines-neo-priests\/"]}]},{"@type":"ImageObject","inLanguage":"en-US","@id":"https:\/\/teatinos.org\/en\/theatines-neo-priests\/#primaryimage","url":"https:\/\/teatinos.org\/wp-content\/uploads\/2021\/06\/Teatinos-en-Camino-2021.png","contentUrl":"https:\/\/teatinos.org\/wp-content\/uploads\/2021\/06\/Teatinos-en-Camino-2021.png","width":1080,"height":1080},{"@type":"BreadcrumbList","@id":"https:\/\/teatinos.org\/en\/theatines-neo-priests\/#breadcrumb","itemListElement":[{"@type":"ListItem","position":1,"name":"Portada","item":"https:\/\/teatinos.org\/en\/"},{"@type":"ListItem","position":2,"name":"Theatines Neo-priests"}]},{"@type":"WebSite","@id":"https:\/\/teatinos.org\/pt-br\/#website","url":"https:\/\/teatinos.org\/pt-br\/","name":"Teatinos","description":"Orden de Cl\u00e9rigos Regulares","potentialAction":[{"@type":"SearchAction","target":{"@type":"EntryPoint","urlTemplate":"https:\/\/teatinos.org\/pt-br\/?s={search_term_string}"},"query-input":{"@type":"PropertyValueSpecification","valueRequired":true,"valueName":"search_term_string"}}],"inLanguage":"en-US"},{"@type":"Person","@id":"https:\/\/teatinos.org\/pt-br\/#\/schema\/person\/10193cb8ac6f163661033cf7ce9006a5","name":"Community Manager","url":"https:\/\/teatinos.org\/en\/author\/pascual\/"}]}},"rttpg_featured_image_url":{"full":["https:\/\/teatinos.org\/wp-content\/uploads\/2021\/06\/Teatinos-en-Camino-2021.png",1080,1080,false],"landscape":["https:\/\/teatinos.org\/wp-content\/uploads\/2021\/06\/Teatinos-en-Camino-2021.png",1080,1080,false],"portraits":["https:\/\/teatinos.org\/wp-content\/uploads\/2021\/06\/Teatinos-en-Camino-2021.png",1080,1080,false],"thumbnail":["https:\/\/teatinos.org\/wp-content\/uploads\/2021\/06\/Teatinos-en-Camino-2021-150x150.png",150,150,true],"medium":["https:\/\/teatinos.org\/wp-content\/uploads\/2021\/06\/Teatinos-en-Camino-2021-300x300.png",300,300,true],"large":["https:\/\/teatinos.org\/wp-content\/uploads\/2021\/06\/Teatinos-en-Camino-2021-1024x1024.png",1000,1000,true],"1536x1536":["https:\/\/teatinos.org\/wp-content\/uploads\/2021\/06\/Teatinos-en-Camino-2021.png",1080,1080,false],"2048x2048":["https:\/\/teatinos.org\/wp-content\/uploads\/2021\/06\/Teatinos-en-Camino-2021.png",1080,1080,false]},"rttpg_author":{"display_name":"Community Manager","author_link":"https:\/\/teatinos.org\/en\/author\/pascual\/"},"rttpg_comment":0,"rttpg_category":"<a href=\"https:\/\/teatinos.org\/en\/category\/news\/\" rel=\"category tag\">News<\/a>","rttpg_excerpt":"On July 12, 2021, at 12:00 p.m., Deacon Miguel Salinas Hern\u00e1ndez, CR, belonging to the Theatine Province of Mexico and currently residing at Casa San Gaetano in Rome, Italy, while continuing his studies of spirituality and collaborates with the pastoral life of that Italian theatine community, he was ordained a&hellip;","_links":{"self":[{"href":"https:\/\/teatinos.org\/en\/wp-json\/wp\/v2\/posts\/7712","targetHints":{"allow":["GET"]}}],"collection":[{"href":"https:\/\/teatinos.org\/en\/wp-json\/wp\/v2\/posts"}],"about":[{"href":"https:\/\/teatinos.org\/en\/wp-json\/wp\/v2\/types\/post"}],"author":[{"embeddable":true,"href":"https:\/\/teatinos.org\/en\/wp-json\/wp\/v2\/users\/5"}],"replies":[{"embeddable":true,"href":"https:\/\/teatinos.org\/en\/wp-json\/wp\/v2\/comments?post=7712"}],"version-history":[{"count":1,"href":"https:\/\/teatinos.org\/en\/wp-json\/wp\/v2\/posts\/7712\/revisions"}],"predecessor-version":[{"id":7713,"href":"https:\/\/teatinos.org\/en\/wp-json\/wp\/v2\/posts\/7712\/revisions\/7713"}],"wp:featuredmedia":[{"embeddable":true,"href":"https:\/\/teatinos.org\/en\/wp-json\/wp\/v2\/media\/7445"}],"wp:attachment":[{"href":"https:\/\/teatinos.org\/en\/wp-json\/wp\/v2\/media?parent=7712"}],"wp:term":[{"taxonomy":"category","embeddable":true,"href":"https:\/\/teatinos.org\/en\/wp-json\/wp\/v2\/categories?post=7712"},{"taxonomy":"post_tag","embeddable":true,"href":"https:\/\/teatinos.org\/en\/wp-json\/wp\/v2\/tags?post=7712"}],"curies":[{"name":"wp","href":"https:\/\/api.w.org\/{rel}","templated":true}]}}