{"id":20138,"date":"2025-09-08T17:57:24","date_gmt":"2025-09-08T17:57:24","guid":{"rendered":"https:\/\/teatinos.org\/encuentro-del-santo-padre-leon-xiv-con-los-superiores-generales-de-la-familia-teatina\/"},"modified":"2025-09-08T17:59:42","modified_gmt":"2025-09-08T17:59:42","slug":"encuentro-del-santo-padre-leon-xiv-con-los-superiores-generales-de-la-familia-teatina","status":"publish","type":"post","link":"https:\/\/teatinos.org\/en\/encuentro-del-santo-padre-leon-xiv-con-los-superiores-generales-de-la-familia-teatina\/","title":{"rendered":"Meeting of the Holy Father Leo XIV with the General Superiors of the Theatine Family"},"content":{"rendered":"<p data-start=\"2174\" data-end=\"2473\">On September 5, 2025, the Holy Father Leo XIV granted a private audience to Rev. Father Salvador Rodea Gonz\u00e1lez, C.R., Superior General of the Order of Clerics Regular (Theatines), and Mother Mar\u00eda de los \u00c1ngeles Vicente Mari, Superior General of the Theatine Sisters of the Immaculate Conception.<\/p>\n<p data-start=\"2475\" data-end=\"2837\">The meeting took place in the Private Library of the Apostolic Palace, in an atmosphere of profound ecclesial fraternity. During the encounter, the mission of the Theatine families was reaffirmed in fidelity to the charism received from Saint Cajetan of Thiene, oriented toward the spiritual renewal of the Church and the generous service of the People of God.<\/p>\n<p data-start=\"2839\" data-end=\"3069\">This event represents a sign of communion with the Successor of Peter and a renewed encouragement to continue proclaiming the Gospel with hope, joy, and steadfast commitment in the various Theatine missions throughout the world.<\/p>\n<p data-start=\"850\" data-end=\"1089\"><em><strong><a href=\"https:\/\/teatinos.org\/wp-content\/uploads\/2025\/09\/IMG_1509.jpg\"><img loading=\"lazy\" decoding=\"async\" class=\"alignnone size-full wp-image-20102\" src=\"https:\/\/teatinos.org\/wp-content\/uploads\/2025\/09\/IMG_1509.jpg\" alt=\"\" width=\"2048\" height=\"1366\" \/><\/a><a href=\"https:\/\/teatinos.org\/wp-content\/uploads\/2025\/09\/IMG_1510.jpg\"><img loading=\"lazy\" decoding=\"async\" class=\"alignnone size-full wp-image-20107\" src=\"https:\/\/teatinos.org\/wp-content\/uploads\/2025\/09\/IMG_1510.jpg\" alt=\"\" width=\"2048\" height=\"1366\" \/><\/a><a href=\"https:\/\/teatinos.org\/wp-content\/uploads\/2025\/09\/IMG_1511.jpg\"><img loading=\"lazy\" decoding=\"async\" class=\"alignnone size-full wp-image-20112\" src=\"https:\/\/teatinos.org\/wp-content\/uploads\/2025\/09\/IMG_1511.jpg\" alt=\"\" width=\"2048\" height=\"1366\" \/><\/a><a href=\"https:\/\/teatinos.org\/wp-content\/uploads\/2025\/09\/IMG_1512.jpg\"><img loading=\"lazy\" decoding=\"async\" class=\"alignnone size-full wp-image-20117\" src=\"https:\/\/teatinos.org\/wp-content\/uploads\/2025\/09\/IMG_1512.jpg\" alt=\"\" width=\"2048\" height=\"1366\" \/><\/a><a href=\"https:\/\/teatinos.org\/wp-content\/uploads\/2025\/09\/IMG_1513.jpg\"><img loading=\"lazy\" decoding=\"async\" class=\"alignnone size-full wp-image-20122\" src=\"https:\/\/teatinos.org\/wp-content\/uploads\/2025\/09\/IMG_1513.jpg\" alt=\"\" width=\"2048\" height=\"1366\" \/><\/a><a href=\"https:\/\/teatinos.org\/wp-content\/uploads\/2025\/09\/IMG_1514.jpg\"><img loading=\"lazy\" decoding=\"async\" class=\"alignnone size-full wp-image-20127\" src=\"https:\/\/teatinos.org\/wp-content\/uploads\/2025\/09\/IMG_1514.jpg\" alt=\"\" width=\"2048\" height=\"1366\" \/><\/a><a href=\"https:\/\/teatinos.org\/wp-content\/uploads\/2025\/09\/IMG_1516.jpg\"><img loading=\"lazy\" decoding=\"async\" class=\"alignnone size-full wp-image-20132\" src=\"https:\/\/teatinos.org\/wp-content\/uploads\/2025\/09\/IMG_1516.jpg\" alt=\"\" width=\"2048\" height=\"1366\" \/><\/a>Copyrights: Vatican Media<\/strong><\/em><\/p>\n","protected":false},"excerpt":{"rendered":"<p>On September 5, 2025, the Holy Father Leo XIV granted a private audience to Rev. Father Salvador Rodea Gonz\u00e1lez, C.R., Superior General of the Order of Clerics Regular (Theatines), and Mother Mar\u00eda de los \u00c1ngeles Vicente Mari, Superior General of the Theatine Sisters of the Immaculate Conception. The meeting took&hellip;<\/p>\n","protected":false},"author":5,"featured_media":19274,"comment_status":"closed","ping_status":"open","sticky":false,"template":"","format":"standard","meta":{"_acf_changed":false,"footnotes":"","_links_to":"","_links_to_target":""},"categories":[95],"tags":[],"class_list":["post-20138","post","type-post","status-publish","format-standard","has-post-thumbnail","hentry","category-news"],"acf":[],"yoast_head":"<!-- This site is optimized with the Yoast SEO plugin v23.5 - https:\/\/yoast.com\/wordpress\/plugins\/seo\/ -->\n<title>Meeting of the Holy Father Leo XIV with the General Superiors of the Theatine Family - Teatinos<\/title>\n<meta name=\"robots\" content=\"index, follow, max-snippet:-1, max-image-preview:large, max-video-preview:-1\" \/>\n<link rel=\"canonical\" href=\"https:\/\/teatinos.org\/en\/encuentro-del-santo-padre-leon-xiv-con-los-superiores-generales-de-la-familia-teatina\/\" \/>\n<meta property=\"og:locale\" content=\"en_US\" \/>\n<meta property=\"og:type\" content=\"article\" \/>\n<meta property=\"og:title\" content=\"Meeting of the Holy Father Leo XIV with the General Superiors of the Theatine Family - Teatinos\" \/>\n<meta property=\"og:description\" content=\"On September 5, 2025, the Holy Father Leo XIV granted a private audience to Rev. Father Salvador Rodea Gonz\u00e1lez, C.R., Superior General of the Order of Clerics Regular (Theatines), and Mother Mar\u00eda de los \u00c1ngeles Vicente Mari, Superior General of the Theatine Sisters of the Immaculate Conception. The meeting took&hellip;\" \/>\n<meta property=\"og:url\" content=\"https:\/\/teatinos.org\/en\/encuentro-del-santo-padre-leon-xiv-con-los-superiores-generales-de-la-familia-teatina\/\" \/>\n<meta property=\"og:site_name\" content=\"Teatinos\" \/>\n<meta property=\"article:published_time\" content=\"2025-09-08T17:57:24+00:00\" \/>\n<meta property=\"article:modified_time\" content=\"2025-09-08T17:59:42+00:00\" \/>\n<meta property=\"og:image\" content=\"https:\/\/teatinos.org\/wp-content\/uploads\/2025\/05\/Placa-Papa-Leon-XIV-ENG-2025.png\" \/>\n\t<meta property=\"og:image:width\" content=\"1080\" \/>\n\t<meta property=\"og:image:height\" content=\"1080\" \/>\n\t<meta property=\"og:image:type\" content=\"image\/png\" \/>\n<meta name=\"author\" content=\"Community Manager\" \/>\n<meta name=\"twitter:card\" content=\"summary_large_image\" \/>\n<meta name=\"twitter:label1\" content=\"Written by\" \/>\n\t<meta name=\"twitter:data1\" content=\"Community Manager\" \/>\n\t<meta name=\"twitter:label2\" content=\"Est. reading time\" \/>\n\t<meta name=\"twitter:data2\" content=\"3 minutes\" \/>\n<script type=\"application\/ld+json\" class=\"yoast-schema-graph\">{\"@context\":\"https:\/\/schema.org\",\"@graph\":[{\"@type\":\"WebPage\",\"@id\":\"https:\/\/teatinos.org\/en\/encuentro-del-santo-padre-leon-xiv-con-los-superiores-generales-de-la-familia-teatina\/\",\"url\":\"https:\/\/teatinos.org\/en\/encuentro-del-santo-padre-leon-xiv-con-los-superiores-generales-de-la-familia-teatina\/\",\"name\":\"Meeting of the Holy Father Leo XIV with the General Superiors of the Theatine Family - Teatinos\",\"isPartOf\":{\"@id\":\"https:\/\/teatinos.org\/pt-br\/#website\"},\"primaryImageOfPage\":{\"@id\":\"https:\/\/teatinos.org\/en\/encuentro-del-santo-padre-leon-xiv-con-los-superiores-generales-de-la-familia-teatina\/#primaryimage\"},\"image\":{\"@id\":\"https:\/\/teatinos.org\/en\/encuentro-del-santo-padre-leon-xiv-con-los-superiores-generales-de-la-familia-teatina\/#primaryimage\"},\"thumbnailUrl\":\"https:\/\/teatinos.org\/wp-content\/uploads\/2025\/05\/Placa-Papa-Leon-XIV-ENG-2025.png\",\"datePublished\":\"2025-09-08T17:57:24+00:00\",\"dateModified\":\"2025-09-08T17:59:42+00:00\",\"author\":{\"@id\":\"https:\/\/teatinos.org\/pt-br\/#\/schema\/person\/10193cb8ac6f163661033cf7ce9006a5\"},\"breadcrumb\":{\"@id\":\"https:\/\/teatinos.org\/en\/encuentro-del-santo-padre-leon-xiv-con-los-superiores-generales-de-la-familia-teatina\/#breadcrumb\"},\"inLanguage\":\"en-US\",\"potentialAction\":[{\"@type\":\"ReadAction\",\"target\":[\"https:\/\/teatinos.org\/en\/encuentro-del-santo-padre-leon-xiv-con-los-superiores-generales-de-la-familia-teatina\/\"]}]},{\"@type\":\"ImageObject\",\"inLanguage\":\"en-US\",\"@id\":\"https:\/\/teatinos.org\/en\/encuentro-del-santo-padre-leon-xiv-con-los-superiores-generales-de-la-familia-teatina\/#primaryimage\",\"url\":\"https:\/\/teatinos.org\/wp-content\/uploads\/2025\/05\/Placa-Papa-Leon-XIV-ENG-2025.png\",\"contentUrl\":\"https:\/\/teatinos.org\/wp-content\/uploads\/2025\/05\/Placa-Papa-Leon-XIV-ENG-2025.png\",\"width\":1080,\"height\":1080},{\"@type\":\"BreadcrumbList\",\"@id\":\"https:\/\/teatinos.org\/en\/encuentro-del-santo-padre-leon-xiv-con-los-superiores-generales-de-la-familia-teatina\/#breadcrumb\",\"itemListElement\":[{\"@type\":\"ListItem\",\"position\":1,\"name\":\"Portada\",\"item\":\"https:\/\/teatinos.org\/en\/\"},{\"@type\":\"ListItem\",\"position\":2,\"name\":\"Meeting of the Holy Father Leo XIV with the General Superiors of the Theatine Family\"}]},{\"@type\":\"WebSite\",\"@id\":\"https:\/\/teatinos.org\/pt-br\/#website\",\"url\":\"https:\/\/teatinos.org\/pt-br\/\",\"name\":\"Teatinos\",\"description\":\"Orden de Cl\u00e9rigos Regulares\",\"potentialAction\":[{\"@type\":\"SearchAction\",\"target\":{\"@type\":\"EntryPoint\",\"urlTemplate\":\"https:\/\/teatinos.org\/pt-br\/?s={search_term_string}\"},\"query-input\":{\"@type\":\"PropertyValueSpecification\",\"valueRequired\":true,\"valueName\":\"search_term_string\"}}],\"inLanguage\":\"en-US\"},{\"@type\":\"Person\",\"@id\":\"https:\/\/teatinos.org\/pt-br\/#\/schema\/person\/10193cb8ac6f163661033cf7ce9006a5\",\"name\":\"Community Manager\",\"url\":\"https:\/\/teatinos.org\/en\/author\/pascual\/\"}]}<\/script>\n<!-- \/ Yoast SEO plugin. -->","yoast_head_json":{"title":"Meeting of the Holy Father Leo XIV with the General Superiors of the Theatine Family - Teatinos","robots":{"index":"index","follow":"follow","max-snippet":"max-snippet:-1","max-image-preview":"max-image-preview:large","max-video-preview":"max-video-preview:-1"},"canonical":"https:\/\/teatinos.org\/en\/encuentro-del-santo-padre-leon-xiv-con-los-superiores-generales-de-la-familia-teatina\/","og_locale":"en_US","og_type":"article","og_title":"Meeting of the Holy Father Leo XIV with the General Superiors of the Theatine Family - Teatinos","og_description":"On September 5, 2025, the Holy Father Leo XIV granted a private audience to Rev. Father Salvador Rodea Gonz\u00e1lez, C.R., Superior General of the Order of Clerics Regular (Theatines), and Mother Mar\u00eda de los \u00c1ngeles Vicente Mari, Superior General of the Theatine Sisters of the Immaculate Conception. The meeting took&hellip;","og_url":"https:\/\/teatinos.org\/en\/encuentro-del-santo-padre-leon-xiv-con-los-superiores-generales-de-la-familia-teatina\/","og_site_name":"Teatinos","article_published_time":"2025-09-08T17:57:24+00:00","article_modified_time":"2025-09-08T17:59:42+00:00","og_image":[{"width":1080,"height":1080,"url":"https:\/\/teatinos.org\/wp-content\/uploads\/2025\/05\/Placa-Papa-Leon-XIV-ENG-2025.png","type":"image\/png"}],"author":"Community Manager","twitter_card":"summary_large_image","twitter_misc":{"Written by":"Community Manager","Est. reading time":"3 minutes"},"schema":{"@context":"https:\/\/schema.org","@graph":[{"@type":"WebPage","@id":"https:\/\/teatinos.org\/en\/encuentro-del-santo-padre-leon-xiv-con-los-superiores-generales-de-la-familia-teatina\/","url":"https:\/\/teatinos.org\/en\/encuentro-del-santo-padre-leon-xiv-con-los-superiores-generales-de-la-familia-teatina\/","name":"Meeting of the Holy Father Leo XIV with the General Superiors of the Theatine Family - Teatinos","isPartOf":{"@id":"https:\/\/teatinos.org\/pt-br\/#website"},"primaryImageOfPage":{"@id":"https:\/\/teatinos.org\/en\/encuentro-del-santo-padre-leon-xiv-con-los-superiores-generales-de-la-familia-teatina\/#primaryimage"},"image":{"@id":"https:\/\/teatinos.org\/en\/encuentro-del-santo-padre-leon-xiv-con-los-superiores-generales-de-la-familia-teatina\/#primaryimage"},"thumbnailUrl":"https:\/\/teatinos.org\/wp-content\/uploads\/2025\/05\/Placa-Papa-Leon-XIV-ENG-2025.png","datePublished":"2025-09-08T17:57:24+00:00","dateModified":"2025-09-08T17:59:42+00:00","author":{"@id":"https:\/\/teatinos.org\/pt-br\/#\/schema\/person\/10193cb8ac6f163661033cf7ce9006a5"},"breadcrumb":{"@id":"https:\/\/teatinos.org\/en\/encuentro-del-santo-padre-leon-xiv-con-los-superiores-generales-de-la-familia-teatina\/#breadcrumb"},"inLanguage":"en-US","potentialAction":[{"@type":"ReadAction","target":["https:\/\/teatinos.org\/en\/encuentro-del-santo-padre-leon-xiv-con-los-superiores-generales-de-la-familia-teatina\/"]}]},{"@type":"ImageObject","inLanguage":"en-US","@id":"https:\/\/teatinos.org\/en\/encuentro-del-santo-padre-leon-xiv-con-los-superiores-generales-de-la-familia-teatina\/#primaryimage","url":"https:\/\/teatinos.org\/wp-content\/uploads\/2025\/05\/Placa-Papa-Leon-XIV-ENG-2025.png","contentUrl":"https:\/\/teatinos.org\/wp-content\/uploads\/2025\/05\/Placa-Papa-Leon-XIV-ENG-2025.png","width":1080,"height":1080},{"@type":"BreadcrumbList","@id":"https:\/\/teatinos.org\/en\/encuentro-del-santo-padre-leon-xiv-con-los-superiores-generales-de-la-familia-teatina\/#breadcrumb","itemListElement":[{"@type":"ListItem","position":1,"name":"Portada","item":"https:\/\/teatinos.org\/en\/"},{"@type":"ListItem","position":2,"name":"Meeting of the Holy Father Leo XIV with the General Superiors of the Theatine Family"}]},{"@type":"WebSite","@id":"https:\/\/teatinos.org\/pt-br\/#website","url":"https:\/\/teatinos.org\/pt-br\/","name":"Teatinos","description":"Orden de Cl\u00e9rigos Regulares","potentialAction":[{"@type":"SearchAction","target":{"@type":"EntryPoint","urlTemplate":"https:\/\/teatinos.org\/pt-br\/?s={search_term_string}"},"query-input":{"@type":"PropertyValueSpecification","valueRequired":true,"valueName":"search_term_string"}}],"inLanguage":"en-US"},{"@type":"Person","@id":"https:\/\/teatinos.org\/pt-br\/#\/schema\/person\/10193cb8ac6f163661033cf7ce9006a5","name":"Community Manager","url":"https:\/\/teatinos.org\/en\/author\/pascual\/"}]}},"rttpg_featured_image_url":{"full":["https:\/\/teatinos.org\/wp-content\/uploads\/2025\/05\/Placa-Papa-Leon-XIV-ENG-2025.png",1080,1080,false],"landscape":["https:\/\/teatinos.org\/wp-content\/uploads\/2025\/05\/Placa-Papa-Leon-XIV-ENG-2025.png",1080,1080,false],"portraits":["https:\/\/teatinos.org\/wp-content\/uploads\/2025\/05\/Placa-Papa-Leon-XIV-ENG-2025.png",1080,1080,false],"thumbnail":["https:\/\/teatinos.org\/wp-content\/uploads\/2025\/05\/Placa-Papa-Leon-XIV-ENG-2025-150x150.png",150,150,true],"medium":["https:\/\/teatinos.org\/wp-content\/uploads\/2025\/05\/Placa-Papa-Leon-XIV-ENG-2025-300x300.png",300,300,true],"large":["https:\/\/teatinos.org\/wp-content\/uploads\/2025\/05\/Placa-Papa-Leon-XIV-ENG-2025-1024x1024.png",1000,1000,true],"1536x1536":["https:\/\/teatinos.org\/wp-content\/uploads\/2025\/05\/Placa-Papa-Leon-XIV-ENG-2025.png",1080,1080,false],"2048x2048":["https:\/\/teatinos.org\/wp-content\/uploads\/2025\/05\/Placa-Papa-Leon-XIV-ENG-2025.png",1080,1080,false]},"rttpg_author":{"display_name":"Community Manager","author_link":"https:\/\/teatinos.org\/en\/author\/pascual\/"},"rttpg_comment":0,"rttpg_category":"<a href=\"https:\/\/teatinos.org\/en\/category\/news\/\" rel=\"category tag\">News<\/a>","rttpg_excerpt":"On September 5, 2025, the Holy Father Leo XIV granted a private audience to Rev. Father Salvador Rodea Gonz\u00e1lez, C.R., Superior General of the Order of Clerics Regular (Theatines), and Mother Mar\u00eda de los \u00c1ngeles Vicente Mari, Superior General of the Theatine Sisters of the Immaculate Conception. The meeting took&hellip;","_links":{"self":[{"href":"https:\/\/teatinos.org\/en\/wp-json\/wp\/v2\/posts\/20138","targetHints":{"allow":["GET"]}}],"collection":[{"href":"https:\/\/teatinos.org\/en\/wp-json\/wp\/v2\/posts"}],"about":[{"href":"https:\/\/teatinos.org\/en\/wp-json\/wp\/v2\/types\/post"}],"author":[{"embeddable":true,"href":"https:\/\/teatinos.org\/en\/wp-json\/wp\/v2\/users\/5"}],"replies":[{"embeddable":true,"href":"https:\/\/teatinos.org\/en\/wp-json\/wp\/v2\/comments?post=20138"}],"version-history":[{"count":1,"href":"https:\/\/teatinos.org\/en\/wp-json\/wp\/v2\/posts\/20138\/revisions"}],"predecessor-version":[{"id":20144,"href":"https:\/\/teatinos.org\/en\/wp-json\/wp\/v2\/posts\/20138\/revisions\/20144"}],"wp:featuredmedia":[{"embeddable":true,"href":"https:\/\/teatinos.org\/en\/wp-json\/wp\/v2\/media\/19274"}],"wp:attachment":[{"href":"https:\/\/teatinos.org\/en\/wp-json\/wp\/v2\/media?parent=20138"}],"wp:term":[{"taxonomy":"category","embeddable":true,"href":"https:\/\/teatinos.org\/en\/wp-json\/wp\/v2\/categories?post=20138"},{"taxonomy":"post_tag","embeddable":true,"href":"https:\/\/teatinos.org\/en\/wp-json\/wp\/v2\/tags?post=20138"}],"curies":[{"name":"wp","href":"https:\/\/api.w.org\/{rel}","templated":true}]}}